{"id":6255,"date":"2025-04-10T05:51:04","date_gmt":"2025-04-10T05:51:04","guid":{"rendered":"https:\/\/portfolio.wprealizer.com\/photo-studio-german\/?p=6255"},"modified":"2025-04-10T05:53:45","modified_gmt":"2025-04-10T05:53:45","slug":"erstellen-sie-wunderschone-fotos-fur-sie-und-ihr-unternehmen","status":"publish","type":"post","link":"https:\/\/portfolio.wprealizer.com\/photo-studio-german\/erstellen-sie-wunderschone-fotos-fur-sie-und-ihr-unternehmen\/","title":{"rendered":"Erstellen Sie wundersch\u00f6ne Fotos f\u00fcr Sie und Ihr Unternehmen"},"content":{"rendered":"\n<p><strong>Im Jahr 2022<\/strong> war es tats\u00e4chlich so, dass wir diejenigen anklagen konnten, die unschuldig erscheinen und doch durch ihre Taten w\u00fcrdig der Missbilligung sind, diejenigen, die durch die Darbietung angenehmer Freuden verf\u00fchrt wurden und dadurch Schmerzen und Unannehmlichkeiten auf sich zogen, die zu vermeiden gewesen w\u00e4ren. Und tats\u00e4chlich ist es einfach und klar, diese Dinge zu unterscheiden. Denn in der freien Zeit, wenn wir die Wahl haben und nichts uns daran hindert, das zu tun, was uns am meisten Freude bereitet, muss jede Freude angenommen und jeder Schmerz vermieden werden. Aber unter bestimmten Umst\u00e4nden \u2013 durch Pflicht oder durch Notwendigkeit \u2013 kann es passieren, dass wir Schmerzen auf uns nehmen, um dadurch ein gr\u00f6\u00dferes Gut zu erreichen. Und so ist es oft der Fall, dass diejenigen, die Fehler begehen oder Schmerz empfinden, nicht aus Schw\u00e4che oder b\u00f6sem Willen handeln, sondern aus Unkenntnis dessen, was wirklich gut oder schlecht f\u00fcr sie ist.<\/p>\n\n\n\n<p><\/p>\n\n\n\n<h2 class=\"wp-block-heading mb-2\">Die Geschichte dahinter<\/h2>\n\n\n\n<p>Falls der ununterbrochene Bedarf besteht, bietet das Layout eine sch\u00f6ne Struktur und f\u00f6rdert eine elegante Ausf\u00fchrung. Der Porttitor-See kann auf die bevorstehende Ankunft des Tortors und auf die fortlaufende Forschung verwiesen werden. Die Erhebung einer solchen Struktur bietet anregende Ergebnisse. Auch das elementare Prinzip des Strukturmanagements f\u00fchrt zu einer echten Steigerung der Bedeutung und des Ergebnisses.<\/p>\n\n\n\n<p>Die Grundlagen des Systems in Bezug auf das Layout sind die Punkte der Implementierung. Gleichzeitig sind die T\u00fcren zur richtigen Option durch pr\u00e4gnante Prinzipien dargestellt.<\/p>\n\n\n\n<blockquote class=\"wp-block-quote is-layout-flow wp-block-quote-is-layout-flow\">\n<h5 class=\"wp-block-heading\">Ex delenit petentium eum, at nam eius eirmod verear, pri feugait antiopam ei.<\/h5>\n<\/blockquote>\n\n\n\n<p>Appetere mauris nunc congue nisi vitae suscipit tellus. Quis eleifend quam adipiscing vitae proin sagittis nisl rhoncus. Mauris ultrices eros in cursus turpis massa tincidunt. Integer quis auctor elit sed vulputate mi sit amet. Quis varius quam quisque id diam vel quam. Ultrices sagittis orci a scelerisque purus semper eget duis. Accumsan tortor posuere ac ut consequat semper viverra nam libero. Malesuada fames ac turpis egestas integer. Eget arcu dictum varius duis. Faucibus nisl tincidunt eget nullam non nisi est. Duis ut diam quam nulla porttitor massa.<\/p>\n\n\n\n<div class=\"wp-block-columns is-layout-flex wp-container-core-columns-is-layout-9d6595d7 wp-block-columns-is-layout-flex\">\n<div class=\"wp-block-column is-layout-flow wp-block-column-is-layout-flow\">\n<figure class=\"wp-block-image size-full\"><img decoding=\"async\" src=\"https:\/\/portfolio.wprealizer.com\/photo-studio-german\/wp-content\/uploads\/sites\/8\/2024\/12\/blog-thumb-1.png\" alt=\"\" class=\"wp-image-5038\"\/><\/figure>\n<\/div>\n\n\n\n<div class=\"wp-block-column is-layout-flow wp-block-column-is-layout-flow\">\n<figure class=\"wp-block-image size-full\"><img decoding=\"async\" src=\"https:\/\/portfolio.wprealizer.com\/photo-studio-german\/wp-content\/uploads\/sites\/8\/2024\/12\/blog-thumb-2.png\" alt=\"\" class=\"wp-image-5039\"\/><\/figure>\n<\/div>\n<\/div>\n\n\n\n<h2 class=\"wp-block-heading mb-2\">Seien Sie offen f\u00fcr Feedback<\/h2>\n\n\n\n<p>Egestas integer eget aliquet nibh praesent tristique magna sit. Porttitor lacus luctus accumsan tortor posuere ac ut consequat semper. Convallis aenean et tortor at risus viverra adipiscing at. Eu lobortis elementum nibh tellus molestie nunc non blandit massa. Diam phasellus vestibulum lorem sed risus ultricies tristique nulla. Nec tincidunt praesent semper feugiat nibh sed pulvinar proin gravida. Netus et malesuada fames ac turpis egestas maecenas pharetra convallis. Sed lectus vestibulum mattis ullamcorpe velit sed ullamcorpe morbi.<\/p>\n\n\n\n<p>Appetere mauris nunc congue nisi vitae suscipit tellus. Quis eleifend quam adipiscing vitae proin sagittis nisl rhoncus. Mauris ultrices eros in cursus turpis massa tincidunt. Integer quis auctor elit sed vulputate mi sit amet. Quis varius quam quisque id dia quam.<\/p>\n\n\n\n<h2 class=\"wp-block-heading mb-2\">Letzte Gedanken<\/h2>\n\n\n\n<p>Quodsi integer eget aliquet nibh praesent tristique magna sit. Porttitor lacus luctus accumsan tortor posuere ac ut consequat semper. Convallis aenean et tortor at risus viverra adipiscing at. Eu lobortis elementum nibh tellus molestie nunc non blandit massa. Diam phasellus vestibulum lorem sed risus ultricies tristique nulla. Nec tincidunt praesent semper feugiat nibh sed pulvinar proin gravida. Netus et malesuada fames ac turpis egestas maecenas.<\/p>\n\n\n\n<p>Ultrices sagittis orci a scelerisque<\/p>\n","protected":false},"excerpt":{"rendered":"<p>Im Jahr 2022 war es tats\u00e4chlich so, dass wir diejenigen anklagen konnten, die unschuldig erscheinen und doch durch ihre Taten w\u00fcrdig der Missbilligung sind, diejenigen, die durch die Darbietung angenehmer Freuden verf\u00fchrt wurden und dadurch Schmerzen und Unannehmlichkeiten auf sich zogen, die zu vermeiden gewesen w\u00e4ren. Und tats\u00e4chlich ist es einfach und klar, diese Dinge [&hellip;]<\/p>\n","protected":false},"author":1,"featured_media":5670,"comment_status":"open","ping_status":"open","sticky":false,"template":"","format":"standard","meta":{"_acf_changed":false,"footnotes":""},"categories":[52],"tags":[56,64,58],"class_list":["post-6255","post","type-post","status-publish","format-standard","has-post-thumbnail","hentry","category-portfolio-de","tag-agentur","tag-elegant-de","tag-geschaft"],"acf":[],"_links":{"self":[{"href":"https:\/\/portfolio.wprealizer.com\/photo-studio-german\/wp-json\/wp\/v2\/posts\/6255","targetHints":{"allow":["GET"]}}],"collection":[{"href":"https:\/\/portfolio.wprealizer.com\/photo-studio-german\/wp-json\/wp\/v2\/posts"}],"about":[{"href":"https:\/\/portfolio.wprealizer.com\/photo-studio-german\/wp-json\/wp\/v2\/types\/post"}],"author":[{"embeddable":true,"href":"https:\/\/portfolio.wprealizer.com\/photo-studio-german\/wp-json\/wp\/v2\/users\/1"}],"replies":[{"embeddable":true,"href":"https:\/\/portfolio.wprealizer.com\/photo-studio-german\/wp-json\/wp\/v2\/comments?post=6255"}],"version-history":[{"count":1,"href":"https:\/\/portfolio.wprealizer.com\/photo-studio-german\/wp-json\/wp\/v2\/posts\/6255\/revisions"}],"predecessor-version":[{"id":6258,"href":"https:\/\/portfolio.wprealizer.com\/photo-studio-german\/wp-json\/wp\/v2\/posts\/6255\/revisions\/6258"}],"wp:featuredmedia":[{"embeddable":true,"href":"https:\/\/portfolio.wprealizer.com\/photo-studio-german\/wp-json\/wp\/v2\/media\/5670"}],"wp:attachment":[{"href":"https:\/\/portfolio.wprealizer.com\/photo-studio-german\/wp-json\/wp\/v2\/media?parent=6255"}],"wp:term":[{"taxonomy":"category","embeddable":true,"href":"https:\/\/portfolio.wprealizer.com\/photo-studio-german\/wp-json\/wp\/v2\/categories?post=6255"},{"taxonomy":"post_tag","embeddable":true,"href":"https:\/\/portfolio.wprealizer.com\/photo-studio-german\/wp-json\/wp\/v2\/tags?post=6255"}],"curies":[{"name":"wp","href":"https:\/\/api.w.org\/{rel}","templated":true}]}}